{"id":15663,"date":"2020-12-11T20:17:11","date_gmt":"2020-12-11T20:17:11","guid":{"rendered":"https:\/\/cancercentertec100.com\/?p=15663"},"modified":"2021-10-15T04:35:29","modified_gmt":"2021-10-15T04:35:29","slug":"plan-de-vacunacion-en-mexico","status":"publish","type":"post","link":"https:\/\/cancercentertec100.com\/en\/covid-19\/plan-de-vacunacion-en-mexico\/","title":{"rendered":"Plan de vacunaci\u00f3n en M\u00e9xico"},"content":{"rendered":"<p><strong>Seg\u00fan el plan de vacunaci\u00f3n recientemente presentado por el Gobierno Federal, al menos 75% de la poblaci\u00f3n mexicana mayor de 16 a\u00f1os podr\u00eda estar vacunada contra la Covid-19 en marzo de 2022.<\/strong><\/p>\n\n\n\n<p><strong>Nueve meses despu\u00e9s del inicio de la pandemia en el pa\u00eds, el Gobierno federal calcula que en la tercera semana de diciembre se empiece a vacunar al primer grupo de prioridad con un total de 125.000 inoculaciones.<\/strong><\/p>\n\n\n\n<p><strong>La mayor\u00eda de estas comenzar\u00e1n aplic\u00e1ndose en Ciudad de M\u00e9xico, principal foco de la pandemia, junto con el estado de Coahuila. Y posiblemente en otros dos centros de aplicaci\u00f3n, aunque todav\u00eda no se confirma su ubicaci\u00f3n.<\/strong><\/p>\n\n\n\n<p><strong>La log\u00edstica de distribuci\u00f3n estar\u00e1 a cargo de las Fuerzas Armadas mexicanas y en esta primera etapa solo recibir\u00e1 estas vacunas el personal de salud de la primera l\u00ednea de combate contra la covid-19.<\/strong><\/p>\n\n\n\n<h4 class=\"wp-block-heading\"><strong>CINCO ETAPAS<\/strong><\/h4>\n\n\n\n<p><strong>Se tienen contempladas cinco etapas de vacunaci\u00f3n, de las cuales,&nbsp; las primeras cuatro podr\u00edan concluir en junio del 2021.<\/strong><\/p>\n\n\n\n<p><strong>La primera fase, contempla al personal de salud de primera l\u00ednea de control covid-19, quienes se calcula ser\u00e1n vacunados de diciembre de 2020 a febrero de 2021.<\/strong><\/p>\n\n\n\n<p><strong>En la segunda fase, que ir\u00e1 de febrero a abril de 2021, se vacunar\u00e1 al personal de salud restante y a las personas de 60 y m\u00e1s a\u00f1os, mientras que de abril a mayo, se vacunar\u00e1 a personas entre los 50 y 59 a\u00f1os.<\/strong><\/p>\n\n\n\n<p><strong>Entre mayo y junio del pr\u00f3ximo a\u00f1o se aplicar\u00e1n al grupo de 40 a 49 a\u00f1os y en la \u00faltima etapa, de junio de 2021 a marzo de 2022, se estar\u00eda vacunando al resto de la poblaci\u00f3n.<\/strong><\/p>\n\n\n\n<p><strong>De igual manera, se tomar\u00e1n en cuenta las comorbilidades y enfermedades que padecen los mexicanos.<\/strong><\/p>\n\n\n\n<p><strong>El plan de vacunaci\u00f3n llega en un momento cr\u00edtico para nuestro pa\u00eds, que en las \u00faltimas semanas ha registrado un aumento dr\u00e1stico en los casos de contagios y muertes por coronavirus.<\/strong><\/p>\n\n\n\n<p><strong><a href=\"https:\/\/cancercentertec100.com\/en\/instrucciones-para-nuestros-pacientes-durante-el-brote-de-covid-19\/\">Te recordamos las instrucciones para nuestros pacientes durante el brote de Covid 19.<\/a><\/strong><\/p>\n\n\n\n<p><strong>Qu\u00e9date en casa y cu\u00eddate.<\/strong><\/p>","protected":false},"excerpt":{"rendered":"<p>Seg\u00fan el plan de vacunaci\u00f3n recientemente presentado por el Gobierno Federal, al menos 75% de la poblaci\u00f3n mexicana mayor de 16 a\u00f1os podr\u00eda estar vacunada contra la Covid-19 en marzo de 2022. Nueve meses despu\u00e9s del inicio de la pandemia en el pa\u00eds, el Gobierno federal calcula que en la tercera semana de diciembre se&#8230;<\/p>","protected":false},"author":2,"featured_media":16781,"comment_status":"closed","ping_status":"closed","sticky":false,"template":"","format":"standard","meta":{"footnotes":""},"categories":[287],"tags":[183,31,184],"class_list":["post-15663","post","type-post","status-publish","format-standard","has-post-thumbnail","hentry","category-covid-19","tag-covid","tag-mexico","tag-vacunas"],"yoast_head":"<!-- This site is optimized with the Yoast SEO plugin v27.4 - https:\/\/yoast.com\/product\/yoast-seo-wordpress\/ -->\n<title>Plan de vacunaci\u00f3n en M\u00e9xico<\/title>\n<meta name=\"description\" content=\"Seg\u00fan el plan de vacunaci\u00f3n recientemente presentado por el Gobierno Federal, al menos 75% de la poblaci\u00f3n mexicana mayor de 16 a\u00f1os podr\u00eda estar vacunada\" \/>\n<meta name=\"robots\" content=\"index, follow, max-snippet:-1, max-image-preview:large, max-video-preview:-1\" \/>\n<link rel=\"canonical\" href=\"https:\/\/cancercentertec100.com\/en\/covid-19\/plan-de-vacunacion-en-mexico\/\" \/>\n<meta property=\"og:locale\" content=\"en_US\" \/>\n<meta property=\"og:type\" content=\"article\" \/>\n<meta property=\"og:title\" content=\"Plan de vacunaci\u00f3n en M\u00e9xico\" \/>\n<meta property=\"og:description\" content=\"Seg\u00fan el plan de vacunaci\u00f3n recientemente presentado por el Gobierno Federal, al menos 75% de la poblaci\u00f3n mexicana mayor de 16 a\u00f1os podr\u00eda estar vacunada\" \/>\n<meta property=\"og:url\" content=\"https:\/\/cancercentertec100.com\/en\/covid-19\/plan-de-vacunacion-en-mexico\/\" \/>\n<meta property=\"og:site_name\" content=\"CANCER CENTER TEC 100\" \/>\n<meta property=\"article:publisher\" content=\"https:\/\/www.facebook.com\/CancerCenterTec100\" \/>\n<meta property=\"article:published_time\" content=\"2020-12-11T20:17:11+00:00\" \/>\n<meta property=\"article:modified_time\" content=\"2021-10-15T04:35:29+00:00\" \/>\n<meta property=\"og:image\" content=\"https:\/\/cancercentertec100.com\/wp-content\/uploads\/2020\/12\/vacunas.jpg\" \/>\n\t<meta property=\"og:image:width\" content=\"1400\" \/>\n\t<meta property=\"og:image:height\" content=\"788\" \/>\n\t<meta property=\"og:image:type\" content=\"image\/jpeg\" \/>\n<meta name=\"author\" content=\"Pamela Flores\" \/>\n<meta name=\"twitter:card\" content=\"summary_large_image\" \/>\n<meta name=\"twitter:label1\" content=\"Written by\" \/>\n\t<meta name=\"twitter:data1\" content=\"Pamela Flores\" \/>\n\t<meta name=\"twitter:label2\" content=\"Est. reading time\" \/>\n\t<meta name=\"twitter:data2\" content=\"2 minutes\" \/>\n<script type=\"application\/ld+json\" class=\"yoast-schema-graph\">{\"@context\":\"https:\\\/\\\/schema.org\",\"@graph\":[{\"@type\":\"Article\",\"@id\":\"https:\\\/\\\/cancercentertec100.com\\\/covid-19\\\/plan-de-vacunacion-en-mexico\\\/#article\",\"isPartOf\":{\"@id\":\"https:\\\/\\\/cancercentertec100.com\\\/covid-19\\\/plan-de-vacunacion-en-mexico\\\/\"},\"author\":{\"name\":\"Pamela Flores\",\"@id\":\"https:\\\/\\\/cancercentertec100.com\\\/#\\\/schema\\\/person\\\/7c8fca09fcb4689b2737c0d99b6feaa8\"},\"headline\":\"Plan de vacunaci\u00f3n en M\u00e9xico\",\"datePublished\":\"2020-12-11T20:17:11+00:00\",\"dateModified\":\"2021-10-15T04:35:29+00:00\",\"mainEntityOfPage\":{\"@id\":\"https:\\\/\\\/cancercentertec100.com\\\/covid-19\\\/plan-de-vacunacion-en-mexico\\\/\"},\"wordCount\":361,\"publisher\":{\"@id\":\"https:\\\/\\\/cancercentertec100.com\\\/#organization\"},\"image\":{\"@id\":\"https:\\\/\\\/cancercentertec100.com\\\/covid-19\\\/plan-de-vacunacion-en-mexico\\\/#primaryimage\"},\"thumbnailUrl\":\"https:\\\/\\\/cancercentertec100.com\\\/wp-content\\\/uploads\\\/2020\\\/12\\\/vacunas.jpg\",\"keywords\":[\"covid\",\"M\u00e9xico\",\"vacunas\"],\"articleSection\":[\"Covid-19\"],\"inLanguage\":\"en-US\"},{\"@type\":\"WebPage\",\"@id\":\"https:\\\/\\\/cancercentertec100.com\\\/covid-19\\\/plan-de-vacunacion-en-mexico\\\/\",\"url\":\"https:\\\/\\\/cancercentertec100.com\\\/covid-19\\\/plan-de-vacunacion-en-mexico\\\/\",\"name\":\"Plan de vacunaci\u00f3n en M\u00e9xico\",\"isPartOf\":{\"@id\":\"https:\\\/\\\/cancercentertec100.com\\\/#website\"},\"primaryImageOfPage\":{\"@id\":\"https:\\\/\\\/cancercentertec100.com\\\/covid-19\\\/plan-de-vacunacion-en-mexico\\\/#primaryimage\"},\"image\":{\"@id\":\"https:\\\/\\\/cancercentertec100.com\\\/covid-19\\\/plan-de-vacunacion-en-mexico\\\/#primaryimage\"},\"thumbnailUrl\":\"https:\\\/\\\/cancercentertec100.com\\\/wp-content\\\/uploads\\\/2020\\\/12\\\/vacunas.jpg\",\"datePublished\":\"2020-12-11T20:17:11+00:00\",\"dateModified\":\"2021-10-15T04:35:29+00:00\",\"description\":\"Seg\u00fan el plan de vacunaci\u00f3n recientemente presentado por el Gobierno Federal, al menos 75% de la poblaci\u00f3n mexicana mayor de 16 a\u00f1os podr\u00eda estar vacunada\",\"breadcrumb\":{\"@id\":\"https:\\\/\\\/cancercentertec100.com\\\/covid-19\\\/plan-de-vacunacion-en-mexico\\\/#breadcrumb\"},\"inLanguage\":\"en-US\",\"potentialAction\":[{\"@type\":\"ReadAction\",\"target\":[\"https:\\\/\\\/cancercentertec100.com\\\/covid-19\\\/plan-de-vacunacion-en-mexico\\\/\"]}]},{\"@type\":\"ImageObject\",\"inLanguage\":\"en-US\",\"@id\":\"https:\\\/\\\/cancercentertec100.com\\\/covid-19\\\/plan-de-vacunacion-en-mexico\\\/#primaryimage\",\"url\":\"https:\\\/\\\/cancercentertec100.com\\\/wp-content\\\/uploads\\\/2020\\\/12\\\/vacunas.jpg\",\"contentUrl\":\"https:\\\/\\\/cancercentertec100.com\\\/wp-content\\\/uploads\\\/2020\\\/12\\\/vacunas.jpg\",\"width\":1400,\"height\":788},{\"@type\":\"BreadcrumbList\",\"@id\":\"https:\\\/\\\/cancercentertec100.com\\\/covid-19\\\/plan-de-vacunacion-en-mexico\\\/#breadcrumb\",\"itemListElement\":[{\"@type\":\"ListItem\",\"position\":1,\"name\":\"Home\",\"item\":\"https:\\\/\\\/cancercentertec100.com\\\/\"},{\"@type\":\"ListItem\",\"position\":2,\"name\":\"Plan de vacunaci\u00f3n en M\u00e9xico\"}]},{\"@type\":\"WebSite\",\"@id\":\"https:\\\/\\\/cancercentertec100.com\\\/#website\",\"url\":\"https:\\\/\\\/cancercentertec100.com\\\/\",\"name\":\"CANCER CENTER TEC 100\",\"description\":\"Tu mejor opci\u00f3n para el tratamiento del c\u00e1ncer.\",\"publisher\":{\"@id\":\"https:\\\/\\\/cancercentertec100.com\\\/#organization\"},\"potentialAction\":[{\"@type\":\"SearchAction\",\"target\":{\"@type\":\"EntryPoint\",\"urlTemplate\":\"https:\\\/\\\/cancercentertec100.com\\\/?s={search_term_string}\"},\"query-input\":{\"@type\":\"PropertyValueSpecification\",\"valueRequired\":true,\"valueName\":\"search_term_string\"}}],\"inLanguage\":\"en-US\"},{\"@type\":\"Organization\",\"@id\":\"https:\\\/\\\/cancercentertec100.com\\\/#organization\",\"name\":\"CANCER CENTER TEC 100\",\"url\":\"https:\\\/\\\/cancercentertec100.com\\\/\",\"logo\":{\"@type\":\"ImageObject\",\"inLanguage\":\"en-US\",\"@id\":\"https:\\\/\\\/cancercentertec100.com\\\/#\\\/schema\\\/logo\\\/image\\\/\",\"url\":\"https:\\\/\\\/cancercentertec100.com\\\/wp-content\\\/uploads\\\/2024\\\/03\\\/LOGO-CCT-01.png\",\"contentUrl\":\"https:\\\/\\\/cancercentertec100.com\\\/wp-content\\\/uploads\\\/2024\\\/03\\\/LOGO-CCT-01.png\",\"width\":3703,\"height\":2062,\"caption\":\"CANCER CENTER TEC 100\"},\"image\":{\"@id\":\"https:\\\/\\\/cancercentertec100.com\\\/#\\\/schema\\\/logo\\\/image\\\/\"},\"sameAs\":[\"https:\\\/\\\/www.facebook.com\\\/CancerCenterTec100\",\"https:\\\/\\\/www.instagram.com\\\/cancercentertec100\\\/\",\"https:\\\/\\\/www.youtube.com\\\/channel\\\/UCYadf0oSR1BKrlNYqWq2PvQ\",\"https:\\\/\\\/www.linkedin.com\\\/company\\\/cancer-center-tec-100\"]},{\"@type\":\"Person\",\"@id\":\"https:\\\/\\\/cancercentertec100.com\\\/#\\\/schema\\\/person\\\/7c8fca09fcb4689b2737c0d99b6feaa8\",\"name\":\"Pamela Flores\",\"image\":{\"@type\":\"ImageObject\",\"inLanguage\":\"en-US\",\"@id\":\"https:\\\/\\\/secure.gravatar.com\\\/avatar\\\/d743acee88e57acaae58eba36704b70639ec0cbd54787b49c7f93959175f6c29?s=96&d=mm&r=g\",\"url\":\"https:\\\/\\\/secure.gravatar.com\\\/avatar\\\/d743acee88e57acaae58eba36704b70639ec0cbd54787b49c7f93959175f6c29?s=96&d=mm&r=g\",\"contentUrl\":\"https:\\\/\\\/secure.gravatar.com\\\/avatar\\\/d743acee88e57acaae58eba36704b70639ec0cbd54787b49c7f93959175f6c29?s=96&d=mm&r=g\",\"caption\":\"Pamela Flores\"}}]}<\/script>\n<!-- \/ Yoast SEO plugin. -->","yoast_head_json":{"title":"Plan de vacunaci\u00f3n en M\u00e9xico","description":"Seg\u00fan el plan de vacunaci\u00f3n recientemente presentado por el Gobierno Federal, al menos 75% de la poblaci\u00f3n mexicana mayor de 16 a\u00f1os podr\u00eda estar vacunada","robots":{"index":"index","follow":"follow","max-snippet":"max-snippet:-1","max-image-preview":"max-image-preview:large","max-video-preview":"max-video-preview:-1"},"canonical":"https:\/\/cancercentertec100.com\/en\/covid-19\/plan-de-vacunacion-en-mexico\/","og_locale":"en_US","og_type":"article","og_title":"Plan de vacunaci\u00f3n en M\u00e9xico","og_description":"Seg\u00fan el plan de vacunaci\u00f3n recientemente presentado por el Gobierno Federal, al menos 75% de la poblaci\u00f3n mexicana mayor de 16 a\u00f1os podr\u00eda estar vacunada","og_url":"https:\/\/cancercentertec100.com\/en\/covid-19\/plan-de-vacunacion-en-mexico\/","og_site_name":"CANCER CENTER TEC 100","article_publisher":"https:\/\/www.facebook.com\/CancerCenterTec100","article_published_time":"2020-12-11T20:17:11+00:00","article_modified_time":"2021-10-15T04:35:29+00:00","og_image":[{"width":1400,"height":788,"url":"https:\/\/cancercentertec100.com\/wp-content\/uploads\/2020\/12\/vacunas.jpg","type":"image\/jpeg"}],"author":"Pamela Flores","twitter_card":"summary_large_image","twitter_misc":{"Written by":"Pamela Flores","Est. reading time":"2 minutes"},"schema":{"@context":"https:\/\/schema.org","@graph":[{"@type":"Article","@id":"https:\/\/cancercentertec100.com\/covid-19\/plan-de-vacunacion-en-mexico\/#article","isPartOf":{"@id":"https:\/\/cancercentertec100.com\/covid-19\/plan-de-vacunacion-en-mexico\/"},"author":{"name":"Pamela Flores","@id":"https:\/\/cancercentertec100.com\/#\/schema\/person\/7c8fca09fcb4689b2737c0d99b6feaa8"},"headline":"Plan de vacunaci\u00f3n en M\u00e9xico","datePublished":"2020-12-11T20:17:11+00:00","dateModified":"2021-10-15T04:35:29+00:00","mainEntityOfPage":{"@id":"https:\/\/cancercentertec100.com\/covid-19\/plan-de-vacunacion-en-mexico\/"},"wordCount":361,"publisher":{"@id":"https:\/\/cancercentertec100.com\/#organization"},"image":{"@id":"https:\/\/cancercentertec100.com\/covid-19\/plan-de-vacunacion-en-mexico\/#primaryimage"},"thumbnailUrl":"https:\/\/cancercentertec100.com\/wp-content\/uploads\/2020\/12\/vacunas.jpg","keywords":["covid","M\u00e9xico","vacunas"],"articleSection":["Covid-19"],"inLanguage":"en-US"},{"@type":"WebPage","@id":"https:\/\/cancercentertec100.com\/covid-19\/plan-de-vacunacion-en-mexico\/","url":"https:\/\/cancercentertec100.com\/covid-19\/plan-de-vacunacion-en-mexico\/","name":"Plan de vacunaci\u00f3n en M\u00e9xico","isPartOf":{"@id":"https:\/\/cancercentertec100.com\/#website"},"primaryImageOfPage":{"@id":"https:\/\/cancercentertec100.com\/covid-19\/plan-de-vacunacion-en-mexico\/#primaryimage"},"image":{"@id":"https:\/\/cancercentertec100.com\/covid-19\/plan-de-vacunacion-en-mexico\/#primaryimage"},"thumbnailUrl":"https:\/\/cancercentertec100.com\/wp-content\/uploads\/2020\/12\/vacunas.jpg","datePublished":"2020-12-11T20:17:11+00:00","dateModified":"2021-10-15T04:35:29+00:00","description":"Seg\u00fan el plan de vacunaci\u00f3n recientemente presentado por el Gobierno Federal, al menos 75% de la poblaci\u00f3n mexicana mayor de 16 a\u00f1os podr\u00eda estar vacunada","breadcrumb":{"@id":"https:\/\/cancercentertec100.com\/covid-19\/plan-de-vacunacion-en-mexico\/#breadcrumb"},"inLanguage":"en-US","potentialAction":[{"@type":"ReadAction","target":["https:\/\/cancercentertec100.com\/covid-19\/plan-de-vacunacion-en-mexico\/"]}]},{"@type":"ImageObject","inLanguage":"en-US","@id":"https:\/\/cancercentertec100.com\/covid-19\/plan-de-vacunacion-en-mexico\/#primaryimage","url":"https:\/\/cancercentertec100.com\/wp-content\/uploads\/2020\/12\/vacunas.jpg","contentUrl":"https:\/\/cancercentertec100.com\/wp-content\/uploads\/2020\/12\/vacunas.jpg","width":1400,"height":788},{"@type":"BreadcrumbList","@id":"https:\/\/cancercentertec100.com\/covid-19\/plan-de-vacunacion-en-mexico\/#breadcrumb","itemListElement":[{"@type":"ListItem","position":1,"name":"Home","item":"https:\/\/cancercentertec100.com\/"},{"@type":"ListItem","position":2,"name":"Plan de vacunaci\u00f3n en M\u00e9xico"}]},{"@type":"WebSite","@id":"https:\/\/cancercentertec100.com\/#website","url":"https:\/\/cancercentertec100.com\/","name":"CANCER CENTER TEC 100","description":"Your best option for cancer treatment","publisher":{"@id":"https:\/\/cancercentertec100.com\/#organization"},"potentialAction":[{"@type":"SearchAction","target":{"@type":"EntryPoint","urlTemplate":"https:\/\/cancercentertec100.com\/?s={search_term_string}"},"query-input":{"@type":"PropertyValueSpecification","valueRequired":true,"valueName":"search_term_string"}}],"inLanguage":"en-US"},{"@type":"Organization","@id":"https:\/\/cancercentertec100.com\/#organization","name":"CANCER CENTER TEC 100","url":"https:\/\/cancercentertec100.com\/","logo":{"@type":"ImageObject","inLanguage":"en-US","@id":"https:\/\/cancercentertec100.com\/#\/schema\/logo\/image\/","url":"https:\/\/cancercentertec100.com\/wp-content\/uploads\/2024\/03\/LOGO-CCT-01.png","contentUrl":"https:\/\/cancercentertec100.com\/wp-content\/uploads\/2024\/03\/LOGO-CCT-01.png","width":3703,"height":2062,"caption":"CANCER CENTER TEC 100"},"image":{"@id":"https:\/\/cancercentertec100.com\/#\/schema\/logo\/image\/"},"sameAs":["https:\/\/www.facebook.com\/CancerCenterTec100","https:\/\/www.instagram.com\/cancercentertec100\/","https:\/\/www.youtube.com\/channel\/UCYadf0oSR1BKrlNYqWq2PvQ","https:\/\/www.linkedin.com\/company\/cancer-center-tec-100"]},{"@type":"Person","@id":"https:\/\/cancercentertec100.com\/#\/schema\/person\/7c8fca09fcb4689b2737c0d99b6feaa8","name":"Pamela Flores","image":{"@type":"ImageObject","inLanguage":"en-US","@id":"https:\/\/secure.gravatar.com\/avatar\/d743acee88e57acaae58eba36704b70639ec0cbd54787b49c7f93959175f6c29?s=96&d=mm&r=g","url":"https:\/\/secure.gravatar.com\/avatar\/d743acee88e57acaae58eba36704b70639ec0cbd54787b49c7f93959175f6c29?s=96&d=mm&r=g","contentUrl":"https:\/\/secure.gravatar.com\/avatar\/d743acee88e57acaae58eba36704b70639ec0cbd54787b49c7f93959175f6c29?s=96&d=mm&r=g","caption":"Pamela Flores"}}]}},"_links":{"self":[{"href":"https:\/\/cancercentertec100.com\/en\/wp-json\/wp\/v2\/posts\/15663","targetHints":{"allow":["GET"]}}],"collection":[{"href":"https:\/\/cancercentertec100.com\/en\/wp-json\/wp\/v2\/posts"}],"about":[{"href":"https:\/\/cancercentertec100.com\/en\/wp-json\/wp\/v2\/types\/post"}],"author":[{"embeddable":true,"href":"https:\/\/cancercentertec100.com\/en\/wp-json\/wp\/v2\/users\/2"}],"replies":[{"embeddable":true,"href":"https:\/\/cancercentertec100.com\/en\/wp-json\/wp\/v2\/comments?post=15663"}],"version-history":[{"count":1,"href":"https:\/\/cancercentertec100.com\/en\/wp-json\/wp\/v2\/posts\/15663\/revisions"}],"predecessor-version":[{"id":16783,"href":"https:\/\/cancercentertec100.com\/en\/wp-json\/wp\/v2\/posts\/15663\/revisions\/16783"}],"wp:featuredmedia":[{"embeddable":true,"href":"https:\/\/cancercentertec100.com\/en\/wp-json\/wp\/v2\/media\/16781"}],"wp:attachment":[{"href":"https:\/\/cancercentertec100.com\/en\/wp-json\/wp\/v2\/media?parent=15663"}],"wp:term":[{"taxonomy":"category","embeddable":true,"href":"https:\/\/cancercentertec100.com\/en\/wp-json\/wp\/v2\/categories?post=15663"},{"taxonomy":"post_tag","embeddable":true,"href":"https:\/\/cancercentertec100.com\/en\/wp-json\/wp\/v2\/tags?post=15663"}],"curies":[{"name":"wp","href":"https:\/\/api.w.org\/{rel}","templated":true}]}}